{"id":515,"date":"2024-10-04T18:23:23","date_gmt":"2024-10-04T16:23:23","guid":{"rendered":"http:\/\/www.rollybrings.de\/wordpress\/?p=515"},"modified":"2024-10-04T18:24:52","modified_gmt":"2024-10-04T16:24:52","slug":"daach-der-koelschen-sproch","status":"publish","type":"post","link":"http:\/\/www.rollybrings.de\/wordpress\/2024\/10\/04\/daach-der-koelschen-sproch\/","title":{"rendered":"Daach der k\u00f6lschen Sproch"},"content":{"rendered":"\n<p>29.09.2024 <br>Der &#8222;Daach der k\u00f6lschen Sproch wurde an vielen verschieden Orten in K\u00f6ln gefeiert.<\/p>\n\n\n\n<p>Benjamin, Stephan und Rolly waren in der Piazzetta des Rathauses mit dabei. <\/p>\n\n\n\n<p>Fotos k\u00f6nnt ihr hier ansehen &#8222;<a href=\"http:\/\/foto.michaelmaye.de\/\/Daach%20der%20Koelschen%20Sproch\/index.html\" target=\"_blank\" rel=\"noreferrer noopener\">Link zu den Fotos<\/a>&#8222;<\/p>\n\n\n\n<p>Den Bericht aus der K\u00f6lnischen Rundschau vom 1.10.2024 k\u00f6nnt ihr hier lesen oder den Herunterladen Button dr\u00fccken. <\/p>\n\n\n\n<div data-wp-interactive=\"core\/file\" class=\"wp-block-file\"><object data-wp-bind--hidden=\"!state.hasPdfPreview\" hidden class=\"wp-block-file__embed\" data=\"http:\/\/www.rollybrings.de\/wordpress\/wp-content\/uploads\/2024\/10\/PRESSE-KR-Dienstag-1.-Oktober-2024-KOeLN-Seite-22.pdf\" type=\"application\/pdf\" style=\"width:100%;height:2000px\" aria-label=\"Einbettung von PRESSE - KR - Dienstag, 1. Oktober 2024 - KO\u0308LN - Seite 22.\"><\/object><a id=\"wp-block-file--media-08fc8efb-8663-43fb-947e-1b3a96f20b19\" href=\"http:\/\/www.rollybrings.de\/wordpress\/wp-content\/uploads\/2024\/10\/PRESSE-KR-Dienstag-1.-Oktober-2024-KOeLN-Seite-22.pdf\">PRESSE &#8211; KR &#8211; Dienstag, 1. Oktober 2024 &#8211; KO\u0308LN &#8211; Seite 22<\/a><a href=\"http:\/\/www.rollybrings.de\/wordpress\/wp-content\/uploads\/2024\/10\/PRESSE-KR-Dienstag-1.-Oktober-2024-KOeLN-Seite-22.pdf\" class=\"wp-block-file__button wp-element-button\" download aria-describedby=\"wp-block-file--media-08fc8efb-8663-43fb-947e-1b3a96f20b19\">Herunterladen<\/a><\/div>\n\n\n\n<p><\/p>\n","protected":false},"excerpt":{"rendered":"<p>29.09.2024 Der &#8222;Daach der k\u00f6lschen Sproch wurde an vielen verschieden Orten in K\u00f6ln gefeiert. Benjamin, Stephan und Rolly waren in der Piazzetta des Rathauses mit dabei. Fotos k\u00f6nnt ihr hier ansehen &#8222;Link zu den Fotos&#8222; Den Bericht aus der K\u00f6lnischen Rundschau vom 1.10.2024 k\u00f6nnt ihr hier lesen oder den Herunterladen Button dr\u00fccken.<\/p>\n","protected":false},"author":1,"featured_media":517,"comment_status":"closed","ping_status":"closed","sticky":false,"template":"","format":"standard","meta":{"footnotes":""},"categories":[13,12],"tags":[],"class_list":["post-515","post","type-post","status-publish","format-standard","has-post-thumbnail","hentry","category-fotos","category-presse"],"_links":{"self":[{"href":"http:\/\/www.rollybrings.de\/wordpress\/wp-json\/wp\/v2\/posts\/515","targetHints":{"allow":["GET"]}}],"collection":[{"href":"http:\/\/www.rollybrings.de\/wordpress\/wp-json\/wp\/v2\/posts"}],"about":[{"href":"http:\/\/www.rollybrings.de\/wordpress\/wp-json\/wp\/v2\/types\/post"}],"author":[{"embeddable":true,"href":"http:\/\/www.rollybrings.de\/wordpress\/wp-json\/wp\/v2\/users\/1"}],"replies":[{"embeddable":true,"href":"http:\/\/www.rollybrings.de\/wordpress\/wp-json\/wp\/v2\/comments?post=515"}],"version-history":[{"count":3,"href":"http:\/\/www.rollybrings.de\/wordpress\/wp-json\/wp\/v2\/posts\/515\/revisions"}],"predecessor-version":[{"id":520,"href":"http:\/\/www.rollybrings.de\/wordpress\/wp-json\/wp\/v2\/posts\/515\/revisions\/520"}],"wp:featuredmedia":[{"embeddable":true,"href":"http:\/\/www.rollybrings.de\/wordpress\/wp-json\/wp\/v2\/media\/517"}],"wp:attachment":[{"href":"http:\/\/www.rollybrings.de\/wordpress\/wp-json\/wp\/v2\/media?parent=515"}],"wp:term":[{"taxonomy":"category","embeddable":true,"href":"http:\/\/www.rollybrings.de\/wordpress\/wp-json\/wp\/v2\/categories?post=515"},{"taxonomy":"post_tag","embeddable":true,"href":"http:\/\/www.rollybrings.de\/wordpress\/wp-json\/wp\/v2\/tags?post=515"}],"curies":[{"name":"wp","href":"https:\/\/api.w.org\/{rel}","templated":true}]}}